{"id":4512,"date":"2022-04-26T10:52:32","date_gmt":"2022-04-26T08:52:32","guid":{"rendered":"https:\/\/www.diversia360.com\/enit\/?p=4512"},"modified":"2026-03-30T18:12:35","modified_gmt":"2026-03-30T16:12:35","slug":"abrimos-convocatoria-para-el-programa-impulsa-t-360","status":"publish","type":"post","link":"https:\/\/www.diversia360.com\/enit\/abrimos-convocatoria-para-el-programa-impulsa-t-360\/","title":{"rendered":"\u00a1ABRIMOS CONVOCATORIA PARA EL PROGRAMA IMPULSA-T 360\u00ae!"},"content":{"rendered":"<p>Despu\u00e9s del \u00e9xito de la \u00faltima convocatoria de uno de nuestros programas estrella, hemos abierto nueva convocatoria para el mes de mayo-junio.<\/p>\n<p>Un programa con el que podr\u00e1s desarrollar tus <b>habilidades directivas<\/b> y tomar las riendas de tu futuro, responsabiliz\u00e1ndote de tu carrera profesional ya sea dentro o fuera de la empresa donde est\u00e1s ahora.<\/p>\n<p>Haremos un trabajo de <b>autoconocimiento<\/b>, gracias al cual podremos enfatizar puntos fuertes y desarrollar \u00e1reas de mejora.<\/p>\n<p>Enfocado especialmente a mandos intermedios, emprendedores y cargos directivos que quieren llevar su futuro laboral al pr\u00f3ximo nivel.<\/p>\n<p><b>Dentro del nivel 1 veremos:<\/b><br \/>\n\u2611\ufe0f\u00a0Impacto del liderazgo en la eficiencia de los Resultados<br \/>\n\u2611\ufe0f\u00a0Trabajo en equipo<br \/>\n\u2611\ufe0f Habilidades de\u00a0negociaci\u00f3n: estrategias y adaptaci\u00f3n<br \/>\n\u2611\ufe0f\u00a0Mejora en las relaciones interpersonales: estilos de comunicaci\u00f3n<\/p>\n<p><b>Y en el nivel 2<\/b> trabajaremos, aparte de lo visto en el nivel 1:<br \/>\n\u2611\ufe0f An\u00e1lisis de la\u00a0candidatura\u00a0(exploraci\u00f3n competencial \/ impacto que generamos)<br \/>\n\u2611\ufe0f An\u00e1lisis de objetivos (personales \/ profesionales)<br \/>\n\u2611\ufe0f Presentaci\u00f3n del CV<\/p>\n<p>En <b>formato blended:<\/b> con trabajo individual, <b>webinars en directo<\/b> online y convocatorias grupales.<br \/>\nSi deseas m\u00e1s informaci\u00f3n, entra aqu\u00ed, o bien puedes contactarnos a <a class=\"ql-link\" href=\"mailto:info@diversia360.com\" target=\"_blank\" rel=\"noopener noreferrer\">info@diversia360.com<\/a>\u00a0y me encantar\u00e1 explicarte en detalle qu\u00e9 conseguir\u00e1s con este programa.<\/p>\n<p>Y si eres una empresa y quieres que esta formaci\u00f3n para tus empleados sea subvencionada por <b>Fundae<\/b>, rellena <a href=\"https:\/\/www.diversia360.com\/enit\/contacto\/\" target=\"_blank\" rel=\"noopener\">este formulario<\/a> y gestionaremos juntos la subvenci\u00f3n.<\/p>\n","protected":false},"excerpt":{"rendered":"<p>Despu\u00e9s del \u00e9xito de la \u00faltima convocatoria de uno de nuestros programas estrella, hemos abierto nueva convocatoria para el mes de mayo-junio. Un programa con el que podr\u00e1s desarrollar tus habilidades directivas y tomar las riendas de tu futuro, responsabiliz\u00e1ndote de tu carrera profesional ya...<\/p>\n","protected":false},"author":7,"featured_media":4022,"comment_status":"open","ping_status":"closed","sticky":false,"template":"","format":"standard","meta":{"_acf_changed":false,"rs_blank_template":"","rs_page_bg_color":"","slide_template_v7":"","footnotes":""},"categories":[122,118],"tags":[119,120,121],"class_list":["post-4512","post","type-post","status-publish","format-standard","has-post-thumbnail","hentry","category-noticias","category-programa-impulsa-t-360","tag-carreras-directivas","tag-organizacion","tag-rrhh"],"acf":[],"_links":{"self":[{"href":"https:\/\/www.diversia360.com\/enit\/wp-json\/wp\/v2\/posts\/4512","targetHints":{"allow":["GET"]}}],"collection":[{"href":"https:\/\/www.diversia360.com\/enit\/wp-json\/wp\/v2\/posts"}],"about":[{"href":"https:\/\/www.diversia360.com\/enit\/wp-json\/wp\/v2\/types\/post"}],"author":[{"embeddable":true,"href":"https:\/\/www.diversia360.com\/enit\/wp-json\/wp\/v2\/users\/7"}],"replies":[{"embeddable":true,"href":"https:\/\/www.diversia360.com\/enit\/wp-json\/wp\/v2\/comments?post=4512"}],"version-history":[{"count":1,"href":"https:\/\/www.diversia360.com\/enit\/wp-json\/wp\/v2\/posts\/4512\/revisions"}],"predecessor-version":[{"id":6920,"href":"https:\/\/www.diversia360.com\/enit\/wp-json\/wp\/v2\/posts\/4512\/revisions\/6920"}],"wp:featuredmedia":[{"embeddable":true,"href":"https:\/\/www.diversia360.com\/enit\/wp-json\/wp\/v2\/media\/4022"}],"wp:attachment":[{"href":"https:\/\/www.diversia360.com\/enit\/wp-json\/wp\/v2\/media?parent=4512"}],"wp:term":[{"taxonomy":"category","embeddable":true,"href":"https:\/\/www.diversia360.com\/enit\/wp-json\/wp\/v2\/categories?post=4512"},{"taxonomy":"post_tag","embeddable":true,"href":"https:\/\/www.diversia360.com\/enit\/wp-json\/wp\/v2\/tags?post=4512"}],"curies":[{"name":"wp","href":"https:\/\/api.w.org\/{rel}","templated":true}]}}